
{"id":13294,"date":"2025-02-14T12:52:21","date_gmt":"2025-02-14T11:52:21","guid":{"rendered":"https:\/\/eyewearstore.hu\/?p=13294"},"modified":"2025-03-14T09:58:31","modified_gmt":"2025-03-14T08:58:31","slug":"misight-kontaktlencse-rovidlato-gyermekeknek","status":"publish","type":"post","link":"https:\/\/eyewearstore.hu\/en\/misight-kontaktlencse-rovidlato-gyermekeknek\/","title":{"rendered":"MiSight &#8211; Kontaktlencse r\u00f6vidl\u00e1t\u00f3 gyermekeknek"},"content":{"rendered":"<div data-elementor-type=\"wp-post\" data-elementor-id=\"13294\" class=\"elementor elementor-13294\" data-elementor-post-type=\"post\">\n\t\t\t\t\t\t<section class=\"elementor-section elementor-top-section elementor-element elementor-element-c391df6 elementor-section-boxed elementor-section-height-default elementor-section-height-default\" data-id=\"c391df6\" data-element_type=\"section\">\n\t\t\t\t\t\t<div class=\"elementor-container elementor-column-gap-default\">\n\t\t\t\t\t<div class=\"elementor-column elementor-col-100 elementor-top-column elementor-element elementor-element-9defc96\" data-id=\"9defc96\" data-element_type=\"column\">\n\t\t\t<div class=\"elementor-widget-wrap elementor-element-populated\">\n\t\t\t\t\t\t<div class=\"elementor-element elementor-element-53aed4b elementor-widget elementor-widget-text-editor\" data-id=\"53aed4b\" data-element_type=\"widget\" data-widget_type=\"text-editor.default\">\n\t\t\t\t<div class=\"elementor-widget-container\">\n\t\t\t\t\t\t\t\t\t<p data-pm-slice=\"1 1 []\">A gyermekkori r\u00f6vidl\u00e1t\u00e1s (myopia) egyre gyakoribb probl\u00e9ma vil\u00e1gszerte. A hossz\u00fa \u00f3r\u00e1kon \u00e1t tart\u00f3 k\u00f6zelre n\u00e9z\u00e9s, a digit\u00e1lis eszk\u00f6z\u00f6k fokozott haszn\u00e1lata \u00e9s a szabadt\u00e9ri tev\u00e9kenys\u00e9gek cs\u00f6kken\u00e9se mind hozz\u00e1j\u00e1rulhatnak a kialakul\u00e1s\u00e1hoz. A CooperVision \u00e1ltal kifejlesztett <strong>MiSight 1 day<\/strong> kontaktlencse egy innovat\u00edv megold\u00e1st k\u00edn\u00e1l a myopia kezel\u00e9s\u00e9re \u00e9s progresszi\u00f3j\u00e1nak (l\u00e1t\u00e1s roml\u00e1s\u00e1nak) lass\u00edt\u00e1s\u00e1ra. N\u00e9zz\u00fck meg k\u00f6zelebbr\u0151l, hogy mit \u00e9rdemes tudni r\u00f3la!<\/p>\t\t\t\t\t\t\t\t<\/div>\n\t\t\t\t<\/div>\n\t\t\t\t<div class=\"elementor-element elementor-element-4884c3e elementor-widget elementor-widget-text-editor\" data-id=\"4884c3e\" data-element_type=\"widget\" data-widget_type=\"text-editor.default\">\n\t\t\t\t<div class=\"elementor-widget-container\">\n\t\t\t\t\t\t\t\t\t<h2 data-pm-slice=\"1 1 []\">Mi az a gyermekkori r\u00f6vidl\u00e1t\u00e1s?<\/h2>\t\t\t\t\t\t\t\t<\/div>\n\t\t\t\t<\/div>\n\t\t\t\t<div class=\"elementor-element elementor-element-693da0e elementor-widget elementor-widget-text-editor\" data-id=\"693da0e\" data-element_type=\"widget\" data-widget_type=\"text-editor.default\">\n\t\t\t\t<div class=\"elementor-widget-container\">\n\t\t\t\t\t\t\t\t\t<p data-pm-slice=\"1 1 []\">A r\u00f6vidl\u00e1t\u00e1s egy f\u00e9nyt\u00f6r\u00e9si hiba, amely sor\u00e1n a gyermekek k\u00f6zelre j\u00f3l l\u00e1tnak, de a t\u00e1voli t\u00e1rgyak elmos\u00f3dottak sz\u00e1mukra. Ez a szem hosszir\u00e1ny\u00fa n\u00f6veked\u00e9s\u00e9b\u0151l fakad, amely megv\u00e1ltoztatja a f\u00e9ny f\u00f3kusz\u00e1l\u00e1s\u00e1t a retin\u00e1n. A gyermekkori r\u00f6vidl\u00e1t\u00e1s id\u0151vel s\u00falyosbodhat, ami magasabb dioptri\u00e1khoz \u00e9s nagyobb kock\u00e1zat\u00fa szem\u00e9szeti probl\u00e9m\u00e1khoz vezethet, mint p\u00e9ld\u00e1ul a retina lev\u00e1l\u00e1s vagy a z\u00f6ldh\u00e1lyog.<\/p>\t\t\t\t\t\t\t\t<\/div>\n\t\t\t\t<\/div>\n\t\t\t\t<div class=\"elementor-element elementor-element-428c207 elementor-widget elementor-widget-image\" data-id=\"428c207\" data-element_type=\"widget\" data-widget_type=\"image.default\">\n\t\t\t\t<div class=\"elementor-widget-container\">\n\t\t\t\t\t\t\t\t\t\t\t\t\t\t\t<img fetchpriority=\"high\" decoding=\"async\" width=\"623\" height=\"435\" src=\"https:\/\/eyewearstore.hu\/wp-content\/uploads\/2023\/07\/myopia.png\" class=\"attachment-medium_large size-medium_large wp-image-10311\" alt=\"\" srcset=\"https:\/\/eyewearstore.hu\/wp-content\/uploads\/2023\/07\/myopia.png 623w, https:\/\/eyewearstore.hu\/wp-content\/uploads\/2023\/07\/myopia-300x209.png 300w, https:\/\/eyewearstore.hu\/wp-content\/uploads\/2023\/07\/myopia-18x12.png 18w, https:\/\/eyewearstore.hu\/wp-content\/uploads\/2023\/07\/myopia-600x419.png 600w\" sizes=\"(max-width: 623px) 100vw, 623px\" \/>\t\t\t\t\t\t\t\t\t\t\t\t\t\t\t<\/div>\n\t\t\t\t<\/div>\n\t\t\t\t<div class=\"elementor-element elementor-element-b8d7ebe elementor-widget elementor-widget-text-editor\" data-id=\"b8d7ebe\" data-element_type=\"widget\" data-widget_type=\"text-editor.default\">\n\t\t\t\t<div class=\"elementor-widget-container\">\n\t\t\t\t\t\t\t\t\t<h2 data-pm-slice=\"1 1 []\">Mir\u0151l ismerhet\u0151 fel, ha gyermeke r\u00f6vidl\u00e1t\u00f3?<\/h2>\t\t\t\t\t\t\t\t<\/div>\n\t\t\t\t<\/div>\n\t\t\t\t<section class=\"elementor-section elementor-inner-section elementor-element elementor-element-1ff2873 elementor-section-boxed elementor-section-height-default elementor-section-height-default\" data-id=\"1ff2873\" data-element_type=\"section\">\n\t\t\t\t\t\t<div class=\"elementor-container elementor-column-gap-default\">\n\t\t\t\t\t<div class=\"elementor-column elementor-col-100 elementor-inner-column elementor-element elementor-element-244cf6e\" data-id=\"244cf6e\" data-element_type=\"column\">\n\t\t\t<div class=\"elementor-widget-wrap elementor-element-populated\">\n\t\t\t\t\t\t<div class=\"elementor-element elementor-element-47cc5c6 elementor-widget elementor-widget-text-editor\" data-id=\"47cc5c6\" data-element_type=\"widget\" data-widget_type=\"text-editor.default\">\n\t\t\t\t<div class=\"elementor-widget-container\">\n\t\t\t\t\t\t\t\t\t<p data-pm-slice=\"1 1 []\">A sz\u00fcl\u0151k \u00e9szrevehetik az al\u00e1bbi jeleket, amelyek arra utalhatnak, hogy gyermek\u00fck r\u00f6vidl\u00e1t\u00f3:<\/p><ul data-spread=\"false\"><li><p>Gyakran hunyorog t\u00e1volra n\u00e9z\u00e9skor<\/p><\/li><li><p>K\u00f6zelebb hajol a k\u00f6nyvh\u00f6z vagy a k\u00e9perny\u0151h\u00f6z olvas\u00e1s k\u00f6zben<\/p><\/li><li><p>Nehezebben k\u00f6veti az iskolai t\u00e1bl\u00e1t vagy a TV k\u00e9perny\u0151j\u00e9t<\/p><\/li><li><p>Gyakori fejf\u00e1j\u00e1s \u00e9s szemf\u00e1radts\u00e1g<\/p><\/li><li><p>Kev\u00e9sb\u00e9 vesz r\u00e9szt szabadt\u00e9ri tev\u00e9kenys\u00e9gekben, mert nehezen l\u00e1t t\u00e1volra<\/p><\/li><\/ul><p>Ha a fentiek k\u00f6z\u00fcl t\u00f6bb t\u00fcnetet is tapasztal, \u00e9rdemes szem\u00e9szhez fordulni egy teljes k\u00f6r\u0171 szemvizsg\u00e1lat \u00e9rdek\u00e9ben.<\/p>\t\t\t\t\t\t\t\t<\/div>\n\t\t\t\t<\/div>\n\t\t\t\t\t<\/div>\n\t\t<\/div>\n\t\t\t\t\t<\/div>\n\t\t<\/section>\n\t\t\t\t<div class=\"elementor-element elementor-element-13cc5a2 elementor-widget elementor-widget-image\" data-id=\"13cc5a2\" data-element_type=\"widget\" data-widget_type=\"image.default\">\n\t\t\t\t<div class=\"elementor-widget-container\">\n\t\t\t\t\t\t\t\t\t\t\t\t\t\t\t<img decoding=\"async\" width=\"300\" height=\"300\" src=\"https:\/\/eyewearstore.hu\/wp-content\/uploads\/2025\/02\/telefonos-gyermek-300x300.jpg\" class=\"attachment-medium size-medium wp-image-13298\" alt=\"\" srcset=\"https:\/\/eyewearstore.hu\/wp-content\/uploads\/2025\/02\/telefonos-gyermek-300x300.jpg 300w, https:\/\/eyewearstore.hu\/wp-content\/uploads\/2025\/02\/telefonos-gyermek-150x150.jpg 150w, https:\/\/eyewearstore.hu\/wp-content\/uploads\/2025\/02\/telefonos-gyermek-12x12.jpg 12w, https:\/\/eyewearstore.hu\/wp-content\/uploads\/2025\/02\/telefonos-gyermek-100x100.jpg 100w, https:\/\/eyewearstore.hu\/wp-content\/uploads\/2025\/02\/telefonos-gyermek.jpg 500w\" sizes=\"(max-width: 300px) 100vw, 300px\" \/>\t\t\t\t\t\t\t\t\t\t\t\t\t\t\t<\/div>\n\t\t\t\t<\/div>\n\t\t\t\t<div class=\"elementor-element elementor-element-5986899 elementor-widget elementor-widget-text-editor\" data-id=\"5986899\" data-element_type=\"widget\" data-widget_type=\"text-editor.default\">\n\t\t\t\t<div class=\"elementor-widget-container\">\n\t\t\t\t\t\t\t\t\t<h2 data-pm-slice=\"1 1 []\">Mi a c\u00e9lja a MiSight kontaktlencs\u00e9knek?<\/h2>\t\t\t\t\t\t\t\t<\/div>\n\t\t\t\t<\/div>\n\t\t\t\t<section class=\"elementor-section elementor-inner-section elementor-element elementor-element-8a1305e elementor-section-boxed elementor-section-height-default elementor-section-height-default\" data-id=\"8a1305e\" data-element_type=\"section\">\n\t\t\t\t\t\t<div class=\"elementor-container elementor-column-gap-default\">\n\t\t\t\t\t<div class=\"elementor-column elementor-col-100 elementor-inner-column elementor-element elementor-element-f2ac3d7\" data-id=\"f2ac3d7\" data-element_type=\"column\">\n\t\t\t<div class=\"elementor-widget-wrap elementor-element-populated\">\n\t\t\t\t\t\t<div class=\"elementor-element elementor-element-3c6e346 elementor-widget elementor-widget-text-editor\" data-id=\"3c6e346\" data-element_type=\"widget\" data-widget_type=\"text-editor.default\">\n\t\t\t\t<div class=\"elementor-widget-container\">\n\t\t\t\t\t\t\t\t\t<p data-pm-slice=\"1 1 []\">A <strong>MiSight 1 day<\/strong> kontaktlencse egy <strong>napi cser\u00e9j\u0171, l\u00e1gy kontaktlencse<\/strong>, amelyet kifejezetten 8 \u00e9s 12 \u00e9v k\u00f6z\u00f6tti myopi\u00e1s gyermekek sz\u00e1m\u00e1ra fejlesztettek ki. Az innovat\u00edv <strong>ActivControl\u00ae technol\u00f3gia<\/strong> seg\u00edts\u00e9g\u00e9vel kett\u0151s funkci\u00f3t l\u00e1t el:<\/p><ul data-spread=\"false\"><li><p><strong>Korrig\u00e1lja a l\u00e1t\u00e1st<\/strong>, \u00edgy a gyermek tiszt\u00e1n l\u00e1t a mindennapokban.<\/p><\/li><li><p><strong>Lass\u00edtja a r\u00f6vidl\u00e1t\u00e1s progresszi\u00f3j\u00e1t<\/strong>, cs\u00f6kkentve a szemgoly\u00f3 t\u00falzott megny\u00fal\u00e1s\u00e1t.<\/p><\/li><\/ul><p>Klinikai vizsg\u00e1latok igazolj\u00e1k, hogy a MiSight kontaktlencs\u00e9t visel\u0151 gyerekek eset\u00e9ben <strong>\u00e1tlagosan 59%-kal lassabb volt a r\u00f6vidl\u00e1t\u00e1s el\u0151rehalad\u00e1sa<\/strong> azokhoz k\u00e9pest, akik hagyom\u00e1nyos lencs\u00e9t vagy szem\u00fcveget haszn\u00e1ltak.<\/p><h3>MiSight 1 day el\u0151nyei:<\/h3><p>\u2705 Egyszer\u0171 \u00e9s biztons\u00e1gos napi csere, higi\u00e9nikus viselet \u2705 K\u00e9nyelmes \u00e9s k\u00f6nnyen megszokhat\u00f3 \u2705 Nem ig\u00e9nyel bonyolult tiszt\u00edt\u00e1st vagy \u00e1pol\u00e1st \u2705 Bizony\u00edtottan hat\u00e9kony a myopia lass\u00edt\u00e1s\u00e1ban<\/p>\t\t\t\t\t\t\t\t<\/div>\n\t\t\t\t<\/div>\n\t\t\t\t\t<\/div>\n\t\t<\/div>\n\t\t\t\t\t<\/div>\n\t\t<\/section>\n\t\t\t\t<div class=\"elementor-element elementor-element-2005f60 elementor-widget elementor-widget-text-editor\" data-id=\"2005f60\" data-element_type=\"widget\" data-widget_type=\"text-editor.default\">\n\t\t\t\t<div class=\"elementor-widget-container\">\n\t\t\t\t\t\t\t\t\t<h2 data-pm-slice=\"1 1 []\">\u00d6sszegz\u00e9s<\/h2>\t\t\t\t\t\t\t\t<\/div>\n\t\t\t\t<\/div>\n\t\t\t\t<div class=\"elementor-element elementor-element-a028591 elementor-widget elementor-widget-text-editor\" data-id=\"a028591\" data-element_type=\"widget\" data-widget_type=\"text-editor.default\">\n\t\t\t\t<div class=\"elementor-widget-container\">\n\t\t\t\t\t\t\t\t\t<p data-pm-slice=\"1 1 []\">A myopia egyre n\u00f6vekv\u0151 probl\u00e9m\u00e1t jelent a gyermekek k\u00f6r\u00e9ben, de szerencs\u00e9re ma m\u00e1r t\u00f6bbf\u00e9le lehet\u0151s\u00e9g \u00e1ll rendelkez\u00e9sre a kezel\u00e9s\u00e9re. A CooperVision MiSight 1 day kontaktlencse egy <strong>innovat\u00edv megold\u00e1s<\/strong>, amely nemcsak \u00e9les l\u00e1t\u00e1st biztos\u00edt, hanem seg\u00edt <strong>lass\u00edtani a r\u00f6vidl\u00e1t\u00e1s s\u00falyosbod\u00e1s\u00e1t<\/strong> is. Ha gyermeke r\u00f6vidl\u00e1t\u00f3, \u00e9rdemes konzult\u00e1lni egy optometrist\u00e1val vagy szem\u00e9sz szakorvossal, hogy megtal\u00e1lj\u00e1k a legmegfelel\u0151bb l\u00e1t\u00e1sjav\u00edt\u00f3 megold\u00e1st.<\/p><p>Ne hagyja, hogy a r\u00f6vidl\u00e1t\u00e1s korl\u00e1tozza gyermeke lehet\u0151s\u00e9geit! Fedezze fel a MiSight kontaktlencs\u00e9k el\u0151nyeit, \u00e9s t\u00e1mogassa gyermeke l\u00e1t\u00e1s\u00e1t a j\u00f6v\u0151ben is.<\/p>\t\t\t\t\t\t\t\t<\/div>\n\t\t\t\t<\/div>\n\t\t\t\t<div class=\"elementor-element elementor-element-f8565db elementor-widget elementor-widget-spacer\" data-id=\"f8565db\" data-element_type=\"widget\" data-widget_type=\"spacer.default\">\n\t\t\t\t<div class=\"elementor-widget-container\">\n\t\t\t\t\t\t\t<div class=\"elementor-spacer\">\n\t\t\t<div class=\"elementor-spacer-inner\"><\/div>\n\t\t<\/div>\n\t\t\t\t\t\t<\/div>\n\t\t\t\t<\/div>\n\t\t\t\t<div class=\"elementor-element elementor-element-5c0fe2e elementor-widget elementor-widget-text-editor\" data-id=\"5c0fe2e\" data-element_type=\"widget\" data-widget_type=\"text-editor.default\">\n\t\t\t\t<div class=\"elementor-widget-container\">\n\t\t\t\t\t\t\t\t\t<p><span style=\"font-size: 20px;\">Professzion\u00e1lis seg\u00edts\u00e9get szeretn\u00e9l?&nbsp;<\/span><\/p>\n<p><span style=\"font-size: 20px; color: var( --e-global-color-text ); font-family: var( --e-global-typography-text-font-family ), Sans-serif; font-weight: var( --e-global-typography-text-font-weight );\">L\u00e1togass el hozz\u00e1nk! Zalaegerszegi optik\u00e1nkban maxim\u00e1lis \u00fcgyf\u00e9lbar\u00e1t hozz\u00e1\u00e1ll\u00e1ssal seg\u00edt\u00fcnk. Egy\u00fctt megtal\u00e1ljuk a legjobb megold\u00e1st!<\/span><\/p>\t\t\t\t\t\t\t\t<\/div>\n\t\t\t\t<\/div>\n\t\t\t\t\t<\/div>\n\t\t<\/div>\n\t\t\t\t\t<\/div>\n\t\t<\/section>\n\t\t\t\t<section class=\"elementor-section elementor-top-section elementor-element elementor-element-2069558 elementor-section-boxed elementor-section-height-default elementor-section-height-default\" data-id=\"2069558\" data-element_type=\"section\">\n\t\t\t\t\t\t<div class=\"elementor-container elementor-column-gap-default\">\n\t\t\t\t\t<div class=\"elementor-column elementor-col-100 elementor-top-column elementor-element elementor-element-e164dea\" data-id=\"e164dea\" data-element_type=\"column\">\n\t\t\t<div class=\"elementor-widget-wrap\">\n\t\t\t\t\t\t\t<\/div>\n\t\t<\/div>\n\t\t\t\t\t<\/div>\n\t\t<\/section>\n\t\t\t\t<\/div>","protected":false},"excerpt":{"rendered":"<p>A gyermekkori r\u00f6vidl\u00e1t\u00e1s (myopia) egyre gyakoribb probl\u00e9ma vil\u00e1gszerte. A hossz\u00fa \u00f3r\u00e1kon \u00e1t tart\u00f3 k\u00f6zelre n\u00e9z\u00e9s, a digit\u00e1lis eszk\u00f6z\u00f6k fokozott haszn\u00e1lata \u00e9s a szabadt\u00e9ri tev\u00e9kenys\u00e9gek cs\u00f6kken\u00e9se mind hozz\u00e1j\u00e1rulhatnak a kialakul\u00e1s\u00e1hoz. A CooperVision \u00e1ltal kifejlesztett MiSight 1 day kontaktlencse egy innovat\u00edv megold\u00e1st k\u00edn\u00e1l a myopia kezel\u00e9s\u00e9re \u00e9s progresszi\u00f3j\u00e1nak (l\u00e1t\u00e1s roml\u00e1s\u00e1nak) lass\u00edt\u00e1s\u00e1ra. N\u00e9zz\u00fck meg k\u00f6zelebbr\u0151l, hogy mit \u00e9rdemes [&hellip;]<\/p>","protected":false},"author":3,"featured_media":13609,"comment_status":"open","ping_status":"open","sticky":false,"template":"","format":"standard","meta":{"_seopress_robots_primary_cat":"none","_seopress_titles_title":"","_seopress_titles_desc":"","_seopress_robots_index":"","footnotes":""},"categories":[38],"tags":[890,892,893,891,894,12,14],"class_list":["post-13294","post","type-post","status-publish","format-standard","has-post-thumbnail","hentry","category-hasznos-informaciok","tag-gyerekszemuveg","tag-latasromlas","tag-miopiakontroll","tag-myopia","tag-myopia-kontroll","tag-optika","tag-szemuveg"],"_links":{"self":[{"href":"https:\/\/eyewearstore.hu\/en\/wp-json\/wp\/v2\/posts\/13294","targetHints":{"allow":["GET"]}}],"collection":[{"href":"https:\/\/eyewearstore.hu\/en\/wp-json\/wp\/v2\/posts"}],"about":[{"href":"https:\/\/eyewearstore.hu\/en\/wp-json\/wp\/v2\/types\/post"}],"author":[{"embeddable":true,"href":"https:\/\/eyewearstore.hu\/en\/wp-json\/wp\/v2\/users\/3"}],"replies":[{"embeddable":true,"href":"https:\/\/eyewearstore.hu\/en\/wp-json\/wp\/v2\/comments?post=13294"}],"version-history":[{"count":0,"href":"https:\/\/eyewearstore.hu\/en\/wp-json\/wp\/v2\/posts\/13294\/revisions"}],"wp:featuredmedia":[{"embeddable":true,"href":"https:\/\/eyewearstore.hu\/en\/wp-json\/wp\/v2\/media\/13609"}],"wp:attachment":[{"href":"https:\/\/eyewearstore.hu\/en\/wp-json\/wp\/v2\/media?parent=13294"}],"wp:term":[{"taxonomy":"category","embeddable":true,"href":"https:\/\/eyewearstore.hu\/en\/wp-json\/wp\/v2\/categories?post=13294"},{"taxonomy":"post_tag","embeddable":true,"href":"https:\/\/eyewearstore.hu\/en\/wp-json\/wp\/v2\/tags?post=13294"}],"curies":[{"name":"wp","href":"https:\/\/api.w.org\/{rel}","templated":true}]}}