
{"id":13066,"date":"2025-01-15T16:40:15","date_gmt":"2025-01-15T15:40:15","guid":{"rendered":"https:\/\/eyewearstore.hu\/?p=13066"},"modified":"2025-03-14T09:34:38","modified_gmt":"2025-03-14T08:34:38","slug":"mikor-jo-a-szemuvegkeret-merete","status":"publish","type":"post","link":"https:\/\/eyewearstore.hu\/en\/mikor-jo-a-szemuvegkeret-merete\/","title":{"rendered":"Mikor j\u00f3 a szem\u00fcvegkeret m\u00e9rete?"},"content":{"rendered":"<div data-elementor-type=\"wp-post\" data-elementor-id=\"13066\" class=\"elementor elementor-13066\" data-elementor-post-type=\"post\">\n\t\t\t\t\t\t<section class=\"elementor-section elementor-top-section elementor-element elementor-element-c391df6 elementor-section-boxed elementor-section-height-default elementor-section-height-default\" data-id=\"c391df6\" data-element_type=\"section\">\n\t\t\t\t\t\t<div class=\"elementor-container elementor-column-gap-default\">\n\t\t\t\t\t<div class=\"elementor-column elementor-col-100 elementor-top-column elementor-element elementor-element-9defc96\" data-id=\"9defc96\" data-element_type=\"column\">\n\t\t\t<div class=\"elementor-widget-wrap elementor-element-populated\">\n\t\t\t\t\t\t<div class=\"elementor-element elementor-element-53aed4b elementor-widget elementor-widget-text-editor\" data-id=\"53aed4b\" data-element_type=\"widget\" data-widget_type=\"text-editor.default\">\n\t\t\t\t<div class=\"elementor-widget-container\">\n\t\t\t\t\t\t\t\t\t<p>A szem\u00fcvegkereteknek nincsen sablon m\u00e9retez\u00e9se, mint a ruh\u00e1zati cikkeknek. Ez\u00e9rt fontos tudni, milyen szempontok alapj\u00e1n tudjuk eld\u00f6nteni, hogy megfelel\u0151-e a m\u00e9rete vagy sem.\u00a0<\/p>\t\t\t\t\t\t\t\t<\/div>\n\t\t\t\t<\/div>\n\t\t\t\t<div class=\"elementor-element elementor-element-4884c3e elementor-widget elementor-widget-text-editor\" data-id=\"4884c3e\" data-element_type=\"widget\" data-widget_type=\"text-editor.default\">\n\t\t\t\t<div class=\"elementor-widget-container\">\n\t\t\t\t\t\t\t\t\t<h4>A szem\u00fcvegkeretek m\u00e9retei<\/h4>\t\t\t\t\t\t\t\t<\/div>\n\t\t\t\t<\/div>\n\t\t\t\t<div class=\"elementor-element elementor-element-165bb55 elementor-widget elementor-widget-text-editor\" data-id=\"165bb55\" data-element_type=\"widget\" data-widget_type=\"text-editor.default\">\n\t\t\t\t<div class=\"elementor-widget-container\">\n\t\t\t\t\t\t\t\t\t<p>\u00c1ltal\u00e1ban a szem\u00fcvegkeretek sz\u00e1r\u00e1ban felt\u00fcntetnek m\u00e9reteket ebben a sorrendben: lencsesz\u00e9less\u00e9g, h\u00edd, sz\u00e1rhossz.<\/p>\t\t\t\t\t\t\t\t<\/div>\n\t\t\t\t<\/div>\n\t\t\t\t<section class=\"elementor-section elementor-inner-section elementor-element elementor-element-9d75e27 elementor-section-boxed elementor-section-height-default elementor-section-height-default\" data-id=\"9d75e27\" data-element_type=\"section\">\n\t\t\t\t\t\t<div class=\"elementor-container elementor-column-gap-default\">\n\t\t\t\t\t<div class=\"elementor-column elementor-col-33 elementor-inner-column elementor-element elementor-element-9ffc15b\" data-id=\"9ffc15b\" data-element_type=\"column\">\n\t\t\t<div class=\"elementor-widget-wrap elementor-element-populated\">\n\t\t\t\t\t\t<div class=\"elementor-element elementor-element-693da0e elementor-widget elementor-widget-text-editor\" data-id=\"693da0e\" data-element_type=\"widget\" data-widget_type=\"text-editor.default\">\n\t\t\t\t<div class=\"elementor-widget-container\">\n\t\t\t\t\t\t\t\t\t<p><span style=\"white-space-collapse: preserve;\">A szem\u00fcvegek m\u00e9retez\u00e9s\u00e9n\u00e9l \u00e1ltal\u00e1ban a lencse sz\u00e9less\u00e9g a m\u00e9rvad\u00f3. B\u00e1r lehetnek \u00e1tfed\u00e9sek, de nagyj\u00e1b\u00f3l \u00edgy lehet csoportos\u00edtani: <\/span><\/p>\n<ul>\n<li><span style=\"white-space-collapse: preserve;\">B\u00e9bi m\u00e9ret: 34-40 mm<\/span><\/li>\n<li><span style=\"white-space-collapse: preserve;\">Gyerek: 42-48 mm <\/span><\/li>\n<li><span style=\"white-space-collapse: preserve;\">Tini: 48-52 mm <\/span><\/li>\n<li><span style=\"white-space-collapse: preserve;\">Feln\u0151tt: 50-t\u0151l felfel\u00e9<br \/><br \/><\/span><\/li>\n<li><span style=\"white-space-collapse: preserve;\">N\u0151i \u00e1tlag: kb. 54<\/span><\/li>\n<li><span style=\"white-space-collapse: preserve;\">F\u00e9rfi \u00e1tlag: kb. 56<\/span><\/li>\n<\/ul>\t\t\t\t\t\t\t\t<\/div>\n\t\t\t\t<\/div>\n\t\t\t\t\t<\/div>\n\t\t<\/div>\n\t\t\t\t<div class=\"elementor-column elementor-col-66 elementor-inner-column elementor-element elementor-element-bb94dd7\" data-id=\"bb94dd7\" data-element_type=\"column\">\n\t\t\t<div class=\"elementor-widget-wrap elementor-element-populated\">\n\t\t\t\t\t\t<div class=\"elementor-element elementor-element-428c207 elementor-widget elementor-widget-image\" data-id=\"428c207\" data-element_type=\"widget\" data-widget_type=\"image.default\">\n\t\t\t\t<div class=\"elementor-widget-container\">\n\t\t\t\t\t\t\t\t\t\t\t\t\t\t\t<img fetchpriority=\"high\" decoding=\"async\" width=\"500\" height=\"500\" src=\"https:\/\/eyewearstore.hu\/wp-content\/uploads\/2025\/01\/Lencseszelesseg-kaliber.jpg\" class=\"attachment-medium_large size-medium_large wp-image-13091\" alt=\"\" srcset=\"https:\/\/eyewearstore.hu\/wp-content\/uploads\/2025\/01\/Lencseszelesseg-kaliber.jpg 500w, https:\/\/eyewearstore.hu\/wp-content\/uploads\/2025\/01\/Lencseszelesseg-kaliber-300x300.jpg 300w, https:\/\/eyewearstore.hu\/wp-content\/uploads\/2025\/01\/Lencseszelesseg-kaliber-150x150.jpg 150w, https:\/\/eyewearstore.hu\/wp-content\/uploads\/2025\/01\/Lencseszelesseg-kaliber-12x12.jpg 12w, https:\/\/eyewearstore.hu\/wp-content\/uploads\/2025\/01\/Lencseszelesseg-kaliber-100x100.jpg 100w\" sizes=\"(max-width: 500px) 100vw, 500px\" \/>\t\t\t\t\t\t\t\t\t\t\t\t\t\t\t<\/div>\n\t\t\t\t<\/div>\n\t\t\t\t\t<\/div>\n\t\t<\/div>\n\t\t\t\t\t<\/div>\n\t\t<\/section>\n\t\t\t\t<div class=\"elementor-element elementor-element-194de0b elementor-widget elementor-widget-text-editor\" data-id=\"194de0b\" data-element_type=\"widget\" data-widget_type=\"text-editor.default\">\n\t\t\t\t<div class=\"elementor-widget-container\">\n\t\t\t\t\t\t\t\t\t<p>A saj\u00e1t kereted m\u00e9reteit egy vonalz\u00f3 seg\u00edts\u00e9g\u00e9vel k\u00f6nnyed\u00e9n letudod m\u00e9rni. Ehhez lehet viszony\u00edtani \u00faj szem\u00fcveg v\u00e1laszt\u00e1s\u00e1n\u00e1l.<\/p>\t\t\t\t\t\t\t\t<\/div>\n\t\t\t\t<\/div>\n\t\t\t\t<div class=\"elementor-element elementor-element-b8d7ebe elementor-widget elementor-widget-text-editor\" data-id=\"b8d7ebe\" data-element_type=\"widget\" data-widget_type=\"text-editor.default\">\n\t\t\t\t<div class=\"elementor-widget-container\">\n\t\t\t\t\t\t\t\t\t<h4>Mikor j\u00f3 a sz\u00e9less\u00e9g?<\/h4>\t\t\t\t\t\t\t\t<\/div>\n\t\t\t\t<\/div>\n\t\t\t\t<section class=\"elementor-section elementor-inner-section elementor-element elementor-element-1ff2873 elementor-section-boxed elementor-section-height-default elementor-section-height-default\" data-id=\"1ff2873\" data-element_type=\"section\">\n\t\t\t\t\t\t<div class=\"elementor-container elementor-column-gap-default\">\n\t\t\t\t\t<div class=\"elementor-column elementor-col-50 elementor-inner-column elementor-element elementor-element-244cf6e\" data-id=\"244cf6e\" data-element_type=\"column\">\n\t\t\t<div class=\"elementor-widget-wrap elementor-element-populated\">\n\t\t\t\t\t\t<div class=\"elementor-element elementor-element-47cc5c6 elementor-widget elementor-widget-text-editor\" data-id=\"47cc5c6\" data-element_type=\"widget\" data-widget_type=\"text-editor.default\">\n\t\t\t\t<div class=\"elementor-widget-container\">\n\t\t\t\t\t\t\t\t\t<p><strong>Mikor nem j\u00f3?<br \/><\/strong><br \/>Akkor <strong>kicsi<\/strong>, ha a <strong>sz\u00e1rai kifel\u00e9 \u00e1llnak<\/strong>. Akkor <strong>nagy<\/strong>, ha t\u00fal <strong>nagy hely van a hal\u00e1nt\u00e9k \u00e9s a sz\u00e1r k\u00f6z\u00f6tt.<br \/><br \/><\/strong>Teh\u00e1t akkor lesz t\u00f6k\u00e9letes a m\u00e9ret, ha a sz\u00e1rai sz\u00e9p egyenesen, p\u00e1rhuzamosan haladnak a f\u00fcl m\u00f6g\u00e9.<\/p>\t\t\t\t\t\t\t\t<\/div>\n\t\t\t\t<\/div>\n\t\t\t\t\t<\/div>\n\t\t<\/div>\n\t\t\t\t<div class=\"elementor-column elementor-col-50 elementor-inner-column elementor-element elementor-element-2d4d15f\" data-id=\"2d4d15f\" data-element_type=\"column\">\n\t\t\t<div class=\"elementor-widget-wrap elementor-element-populated\">\n\t\t\t\t\t\t<div class=\"elementor-element elementor-element-13cc5a2 elementor-widget elementor-widget-image\" data-id=\"13cc5a2\" data-element_type=\"widget\" data-widget_type=\"image.default\">\n\t\t\t\t<div class=\"elementor-widget-container\">\n\t\t\t\t\t\t\t\t\t\t\t\t\t\t\t<img decoding=\"async\" width=\"800\" height=\"800\" src=\"https:\/\/eyewearstore.hu\/wp-content\/uploads\/2025\/01\/DALL\u00b7E-2025-01-15-16.15.02-A-close-up-of-a-human-face-wearing-a-pair-of-small-eyeglasses-that-clearly-appear-too-tight-or-small-for-the-face.-The-persons-expression-is-neutral.webp\" class=\"attachment-large size-large wp-image-13100\" alt=\"\" srcset=\"https:\/\/eyewearstore.hu\/wp-content\/uploads\/2025\/01\/DALL\u00b7E-2025-01-15-16.15.02-A-close-up-of-a-human-face-wearing-a-pair-of-small-eyeglasses-that-clearly-appear-too-tight-or-small-for-the-face.-The-persons-expression-is-neutral.webp 1024w, https:\/\/eyewearstore.hu\/wp-content\/uploads\/2025\/01\/DALL\u00b7E-2025-01-15-16.15.02-A-close-up-of-a-human-face-wearing-a-pair-of-small-eyeglasses-that-clearly-appear-too-tight-or-small-for-the-face.-The-persons-expression-is-neutral-300x300.webp 300w, https:\/\/eyewearstore.hu\/wp-content\/uploads\/2025\/01\/DALL\u00b7E-2025-01-15-16.15.02-A-close-up-of-a-human-face-wearing-a-pair-of-small-eyeglasses-that-clearly-appear-too-tight-or-small-for-the-face.-The-persons-expression-is-neutral-150x150.webp 150w, https:\/\/eyewearstore.hu\/wp-content\/uploads\/2025\/01\/DALL\u00b7E-2025-01-15-16.15.02-A-close-up-of-a-human-face-wearing-a-pair-of-small-eyeglasses-that-clearly-appear-too-tight-or-small-for-the-face.-The-persons-expression-is-neutral-768x768.webp 768w, https:\/\/eyewearstore.hu\/wp-content\/uploads\/2025\/01\/DALL\u00b7E-2025-01-15-16.15.02-A-close-up-of-a-human-face-wearing-a-pair-of-small-eyeglasses-that-clearly-appear-too-tight-or-small-for-the-face.-The-persons-expression-is-neutral-12x12.webp 12w, https:\/\/eyewearstore.hu\/wp-content\/uploads\/2025\/01\/DALL\u00b7E-2025-01-15-16.15.02-A-close-up-of-a-human-face-wearing-a-pair-of-small-eyeglasses-that-clearly-appear-too-tight-or-small-for-the-face.-The-persons-expression-is-neutral-600x600.webp 600w, https:\/\/eyewearstore.hu\/wp-content\/uploads\/2025\/01\/DALL\u00b7E-2025-01-15-16.15.02-A-close-up-of-a-human-face-wearing-a-pair-of-small-eyeglasses-that-clearly-appear-too-tight-or-small-for-the-face.-The-persons-expression-is-neutral-100x100.webp 100w\" sizes=\"(max-width: 800px) 100vw, 800px\" \/>\t\t\t\t\t\t\t\t\t\t\t\t\t\t\t<\/div>\n\t\t\t\t<\/div>\n\t\t\t\t\t<\/div>\n\t\t<\/div>\n\t\t\t\t\t<\/div>\n\t\t<\/section>\n\t\t\t\t<div class=\"elementor-element elementor-element-5986899 elementor-widget elementor-widget-text-editor\" data-id=\"5986899\" data-element_type=\"widget\" data-widget_type=\"text-editor.default\">\n\t\t\t\t<div class=\"elementor-widget-container\">\n\t\t\t\t\t\t\t\t\t<h4>Mikor j\u00f3 a h\u00edd?<\/h4>\t\t\t\t\t\t\t\t<\/div>\n\t\t\t\t<\/div>\n\t\t\t\t<section class=\"elementor-section elementor-inner-section elementor-element elementor-element-8a1305e elementor-section-boxed elementor-section-height-default elementor-section-height-default\" data-id=\"8a1305e\" data-element_type=\"section\">\n\t\t\t\t\t\t<div class=\"elementor-container elementor-column-gap-default\">\n\t\t\t\t\t<div class=\"elementor-column elementor-col-50 elementor-inner-column elementor-element elementor-element-b2f3a75\" data-id=\"b2f3a75\" data-element_type=\"column\">\n\t\t\t<div class=\"elementor-widget-wrap elementor-element-populated\">\n\t\t\t\t\t\t<div class=\"elementor-element elementor-element-f208d38 elementor-widget elementor-widget-image\" data-id=\"f208d38\" data-element_type=\"widget\" data-widget_type=\"image.default\">\n\t\t\t\t<div class=\"elementor-widget-container\">\n\t\t\t\t\t\t\t\t\t\t\t\t\t\t\t<img decoding=\"async\" width=\"336\" height=\"280\" src=\"https:\/\/eyewearstore.hu\/wp-content\/uploads\/2025\/01\/szemuveges.jpg\" class=\"attachment-large size-large wp-image-13101\" alt=\"\" srcset=\"https:\/\/eyewearstore.hu\/wp-content\/uploads\/2025\/01\/szemuveges.jpg 336w, https:\/\/eyewearstore.hu\/wp-content\/uploads\/2025\/01\/szemuveges-300x250.jpg 300w, https:\/\/eyewearstore.hu\/wp-content\/uploads\/2025\/01\/szemuveges-14x12.jpg 14w\" sizes=\"(max-width: 336px) 100vw, 336px\" \/>\t\t\t\t\t\t\t\t\t\t\t\t\t\t\t<\/div>\n\t\t\t\t<\/div>\n\t\t\t\t\t<\/div>\n\t\t<\/div>\n\t\t\t\t<div class=\"elementor-column elementor-col-50 elementor-inner-column elementor-element elementor-element-f2ac3d7\" data-id=\"f2ac3d7\" data-element_type=\"column\">\n\t\t\t<div class=\"elementor-widget-wrap elementor-element-populated\">\n\t\t\t\t\t\t<div class=\"elementor-element elementor-element-3c6e346 elementor-widget elementor-widget-text-editor\" data-id=\"3c6e346\" data-element_type=\"widget\" data-widget_type=\"text-editor.default\">\n\t\t\t\t<div class=\"elementor-widget-container\">\n\t\t\t\t\t\t\t\t\t<p>Sok visel\u0151n\u00e9l probl\u00e9m\u00e1t okoz, hogy az \u00e1tlagn\u00e1l sz\u00e9lesebb vagy sz\u0171kebb orrnyerge van. Ilyen esetekben a h\u00edd sz\u00e9less\u00e9g\u00e9re is figyelni kell.\u00a0<br \/><br \/>Ha t\u00fal sz\u00e9les az orrnyerg\u00fcnk, akkor \u00e1tlag m\u00e9retn\u00e9l r\u00e9s keletkezhet k\u00f6z\u00e9pen \u00e9s a keret t\u00fal magasan \u00fcl.<br \/><br \/>Ha t\u00fal sz\u0171k az orrnyerg\u00fcnk, akkor pedig nem lesz el\u00e9g stabil, vagy hozz\u00e1\u00e9rhet az arcunkhoz a keret r\u00e9sz.<\/p>\t\t\t\t\t\t\t\t<\/div>\n\t\t\t\t<\/div>\n\t\t\t\t\t<\/div>\n\t\t<\/div>\n\t\t\t\t\t<\/div>\n\t\t<\/section>\n\t\t\t\t<div class=\"elementor-element elementor-element-da4d2c6 elementor-widget elementor-widget-text-editor\" data-id=\"da4d2c6\" data-element_type=\"widget\" data-widget_type=\"text-editor.default\">\n\t\t\t\t<div class=\"elementor-widget-container\">\n\t\t\t\t\t\t\t\t\t<p>Teh\u00e1t akkor t\u00f6k\u00e9letes egy szem\u00fcveg, ha az orrnyerg\u00fcnket sz\u00e9pen k\u00f6rbe\u00f6leli, a sz\u00e1rai sz\u00e9p p\u00e1rhuzamosan futnak \u00e9s lehet\u0151s\u00e9g szerint a lencse fels\u0151 1\/2 r\u00e9sz\u00e9n n\u00e9z\u00fcnk kereszt\u00fcl.<\/p>\t\t\t\t\t\t\t\t<\/div>\n\t\t\t\t<\/div>\n\t\t\t\t<div class=\"elementor-element elementor-element-2005f60 elementor-widget elementor-widget-text-editor\" data-id=\"2005f60\" data-element_type=\"widget\" data-widget_type=\"text-editor.default\">\n\t\t\t\t<div class=\"elementor-widget-container\">\n\t\t\t\t\t\t\t\t\t<h4>Gyakori probl\u00e9m\u00e1k \u00e9s megold\u00e1sok<\/h4>\t\t\t\t\t\t\t\t<\/div>\n\t\t\t\t<\/div>\n\t\t\t\t<div class=\"elementor-element elementor-element-a028591 elementor-widget elementor-widget-text-editor\" data-id=\"a028591\" data-element_type=\"widget\" data-widget_type=\"text-editor.default\">\n\t\t\t\t<div class=\"elementor-widget-container\">\n\t\t\t\t\t\t\t\t\t<p>Amennyiben nem t\u00f6k\u00e9letes a keretv\u00e1laszt\u00e1s vagy rossz a be\u00e1ll\u00edt\u00e1sa, okozhat eg\u00e9szen kellemetlen panaszokat is. P\u00e9ld\u00e1ul ha cs\u00faszk\u00e1l az orrunkon az nem fog f\u00e1jni, de ki szeretn\u00e9 \u00e1lland\u00f3an felfel\u00e9 tologatni? Ha t\u00fal szorosra siker\u00fcl akkor pedig felt\u00f6ri a f\u00fcledet vagy az orrodat, ez t\u00e9nyleg kellemetlen.<\/p><p>Al\u00e1bbi k\u00e9t blog cikk\u00fcnkben kit\u00e9rt\u00fcnk r\u00e9szletesebben ezeknek a probl\u00e9m\u00e1knak a megold\u00e1s\u00e1ra:<\/p><ul><li><a href=\"https:\/\/eyewearstore.hu\/en\/lecsuszik-a-szemuveg-mutatjuk-a-megoldasokat\/\">Lecs\u00faszik a szem\u00fcveg? Mutatjuk a megold\u00e1sokat.<\/a><\/li><li><a href=\"https:\/\/eyewearstore.hu\/en\/orrnyereg-megoldasok\/\">A szem\u00fcveg nyomja az orrodat? Papucs csere \u00e9s egy\u00e9b megold\u00e1sok itt.<\/a><\/li><\/ul>\t\t\t\t\t\t\t\t<\/div>\n\t\t\t\t<\/div>\n\t\t\t\t<div class=\"elementor-element elementor-element-f8565db elementor-widget elementor-widget-spacer\" data-id=\"f8565db\" data-element_type=\"widget\" data-widget_type=\"spacer.default\">\n\t\t\t\t<div class=\"elementor-widget-container\">\n\t\t\t\t\t\t\t<div class=\"elementor-spacer\">\n\t\t\t<div class=\"elementor-spacer-inner\"><\/div>\n\t\t<\/div>\n\t\t\t\t\t\t<\/div>\n\t\t\t\t<\/div>\n\t\t\t\t<div class=\"elementor-element elementor-element-5c0fe2e elementor-widget elementor-widget-text-editor\" data-id=\"5c0fe2e\" data-element_type=\"widget\" data-widget_type=\"text-editor.default\">\n\t\t\t\t<div class=\"elementor-widget-container\">\n\t\t\t\t\t\t\t\t\t<p><span style=\"font-size: 20px;\">Professzion\u00e1lis seg\u00edts\u00e9get szeretn\u00e9l?&nbsp;<\/span><\/p>\n<p><span style=\"font-size: 20px; color: var( --e-global-color-text ); font-family: var( --e-global-typography-text-font-family ), Sans-serif; font-weight: var( --e-global-typography-text-font-weight );\">L\u00e1togass el hozz\u00e1nk! Zalaegerszegi optik\u00e1nkban maxim\u00e1lis \u00fcgyf\u00e9lbar\u00e1t hozz\u00e1\u00e1ll\u00e1ssal seg\u00edt\u00fcnk. Egy\u00fctt megtal\u00e1ljuk a legjobb megold\u00e1st!<\/span><\/p>\t\t\t\t\t\t\t\t<\/div>\n\t\t\t\t<\/div>\n\t\t\t\t\t<\/div>\n\t\t<\/div>\n\t\t\t\t\t<\/div>\n\t\t<\/section>\n\t\t\t\t<section class=\"elementor-section elementor-top-section elementor-element elementor-element-2069558 elementor-section-boxed elementor-section-height-default elementor-section-height-default\" data-id=\"2069558\" data-element_type=\"section\">\n\t\t\t\t\t\t<div class=\"elementor-container elementor-column-gap-default\">\n\t\t\t\t\t<div class=\"elementor-column elementor-col-100 elementor-top-column elementor-element elementor-element-e164dea\" data-id=\"e164dea\" data-element_type=\"column\">\n\t\t\t<div class=\"elementor-widget-wrap\">\n\t\t\t\t\t\t\t<\/div>\n\t\t<\/div>\n\t\t\t\t\t<\/div>\n\t\t<\/section>\n\t\t\t\t<\/div>","protected":false},"excerpt":{"rendered":"<p>A szem\u00fcvegkereteknek nincsen sablon m\u00e9retez\u00e9se, mint a ruh\u00e1zati cikkeknek. Ez\u00e9rt fontos tudni, milyen szempontok alapj\u00e1n tudjuk eld\u00f6nteni, hogy megfelel\u0151-e a m\u00e9rete vagy sem.\u00a0 A szem\u00fcvegkeretek m\u00e9retei \u00c1ltal\u00e1ban a szem\u00fcvegkeretek sz\u00e1r\u00e1ban felt\u00fcntetnek m\u00e9reteket ebben a sorrendben: lencsesz\u00e9less\u00e9g, h\u00edd, sz\u00e1rhossz. A szem\u00fcvegek m\u00e9retez\u00e9s\u00e9n\u00e9l \u00e1ltal\u00e1ban a lencse sz\u00e9less\u00e9g a m\u00e9rvad\u00f3. B\u00e1r lehetnek \u00e1tfed\u00e9sek, de nagyj\u00e1b\u00f3l \u00edgy lehet csoportos\u00edtani: [&hellip;]<\/p>","protected":false},"author":3,"featured_media":13600,"comment_status":"open","ping_status":"open","sticky":false,"template":"","format":"standard","meta":{"_seopress_robots_primary_cat":"none","_seopress_titles_title":"","_seopress_titles_desc":"","_seopress_robots_index":"","footnotes":""},"categories":[38],"tags":[883,882,888,12,14],"class_list":["post-13066","post","type-post","status-publish","format-standard","has-post-thumbnail","hentry","category-hasznos-informaciok","tag-beallitas","tag-lecsuszas","tag-meret","tag-optika","tag-szemuveg"],"_links":{"self":[{"href":"https:\/\/eyewearstore.hu\/en\/wp-json\/wp\/v2\/posts\/13066","targetHints":{"allow":["GET"]}}],"collection":[{"href":"https:\/\/eyewearstore.hu\/en\/wp-json\/wp\/v2\/posts"}],"about":[{"href":"https:\/\/eyewearstore.hu\/en\/wp-json\/wp\/v2\/types\/post"}],"author":[{"embeddable":true,"href":"https:\/\/eyewearstore.hu\/en\/wp-json\/wp\/v2\/users\/3"}],"replies":[{"embeddable":true,"href":"https:\/\/eyewearstore.hu\/en\/wp-json\/wp\/v2\/comments?post=13066"}],"version-history":[{"count":0,"href":"https:\/\/eyewearstore.hu\/en\/wp-json\/wp\/v2\/posts\/13066\/revisions"}],"wp:featuredmedia":[{"embeddable":true,"href":"https:\/\/eyewearstore.hu\/en\/wp-json\/wp\/v2\/media\/13600"}],"wp:attachment":[{"href":"https:\/\/eyewearstore.hu\/en\/wp-json\/wp\/v2\/media?parent=13066"}],"wp:term":[{"taxonomy":"category","embeddable":true,"href":"https:\/\/eyewearstore.hu\/en\/wp-json\/wp\/v2\/categories?post=13066"},{"taxonomy":"post_tag","embeddable":true,"href":"https:\/\/eyewearstore.hu\/en\/wp-json\/wp\/v2\/tags?post=13066"}],"curies":[{"name":"wp","href":"https:\/\/api.w.org\/{rel}","templated":true}]}}